
{"id":2777,"date":"2021-03-26T13:08:57","date_gmt":"2021-03-26T12:08:57","guid":{"rendered":"https:\/\/przedszkole80.edu.wroclaw.pl\/?p=2777"},"modified":"2021-03-31T09:10:48","modified_gmt":"2021-03-31T07:10:48","slug":"pierwszy-dzien-wiosny-3","status":"publish","type":"post","link":"https:\/\/przedszkole80.edu.wroclaw.pl\/index.php\/2021\/03\/26\/pierwszy-dzien-wiosny-3\/","title":{"rendered":"Pierwszy dzie\u0144 wiosny"},"content":{"rendered":"<p>Pierwszy dzie\u0144 wiosny<br \/>\n22 marca, Jak co roku, nasze przedszkolaki   symbolicznie  po\u017cegna\u0142y  zim\u0119 , kt\u00f3rej  uosobieniem jest kuk\u0142a marzanny  i  rado\u015bnie powita\u0142y wiosn\u0119. Dzieci wykona\u0142y na t\u0119 okoliczno\u015b\u0107 ozdoby z papieru kolorowego i bibu\u0142y , w postaci kwiat\u00f3w, s\u0142oneczek  czy te\u017c ptaszk\u00f3w. Bacznie obserwowa\u0142y przyrod\u0119, wzrost  kwiat\u00f3w , w tym przebi\u015bnieg\u00f3w i krokus\u00f3w w ogrodzie przedszkolnym.<br \/>\n<img loading=\"lazy\" decoding=\"async\" src=\"https:\/\/przedszkole80.edu.wroclaw.pl\/wp-content\/uploads\/sites\/29\/2021\/03\/marzanna.jpg\" alt=\"\" width=\"186\" height=\"250\" class=\"alignnone size-full wp-image-2778\" \/><\/p>\n","protected":false},"excerpt":{"rendered":"<p>Pierwszy dzie\u0144 wiosny 22 marca, Jak co roku, nasze przedszkolaki symbolicznie po\u017cegna\u0142y zim\u0119 , kt\u00f3rej uosobieniem jest kuk\u0142a marzanny i rado\u015bnie powita\u0142y wiosn\u0119. Dzieci wykona\u0142y na t\u0119 okoliczno\u015b\u0107 ozdoby z [&hellip;]<\/p>\n","protected":false},"author":71,"featured_media":2778,"comment_status":"closed","ping_status":"open","sticky":false,"template":"","format":"standard","meta":{"ngg_post_thumbnail":0,"footnotes":""},"categories":[1],"tags":[],"class_list":["post-2777","post","type-post","status-publish","format-standard","has-post-thumbnail","hentry","category-aktualnosci","clearfix"],"_links":{"self":[{"href":"https:\/\/przedszkole80.edu.wroclaw.pl\/index.php\/wp-json\/wp\/v2\/posts\/2777","targetHints":{"allow":["GET"]}}],"collection":[{"href":"https:\/\/przedszkole80.edu.wroclaw.pl\/index.php\/wp-json\/wp\/v2\/posts"}],"about":[{"href":"https:\/\/przedszkole80.edu.wroclaw.pl\/index.php\/wp-json\/wp\/v2\/types\/post"}],"author":[{"embeddable":true,"href":"https:\/\/przedszkole80.edu.wroclaw.pl\/index.php\/wp-json\/wp\/v2\/users\/71"}],"replies":[{"embeddable":true,"href":"https:\/\/przedszkole80.edu.wroclaw.pl\/index.php\/wp-json\/wp\/v2\/comments?post=2777"}],"version-history":[{"count":1,"href":"https:\/\/przedszkole80.edu.wroclaw.pl\/index.php\/wp-json\/wp\/v2\/posts\/2777\/revisions"}],"predecessor-version":[{"id":2779,"href":"https:\/\/przedszkole80.edu.wroclaw.pl\/index.php\/wp-json\/wp\/v2\/posts\/2777\/revisions\/2779"}],"wp:featuredmedia":[{"embeddable":true,"href":"https:\/\/przedszkole80.edu.wroclaw.pl\/index.php\/wp-json\/wp\/v2\/media\/2778"}],"wp:attachment":[{"href":"https:\/\/przedszkole80.edu.wroclaw.pl\/index.php\/wp-json\/wp\/v2\/media?parent=2777"}],"wp:term":[{"taxonomy":"category","embeddable":true,"href":"https:\/\/przedszkole80.edu.wroclaw.pl\/index.php\/wp-json\/wp\/v2\/categories?post=2777"},{"taxonomy":"post_tag","embeddable":true,"href":"https:\/\/przedszkole80.edu.wroclaw.pl\/index.php\/wp-json\/wp\/v2\/tags?post=2777"}],"curies":[{"name":"wp","href":"https:\/\/api.w.org\/{rel}","templated":true}]}}