
{"id":2916,"date":"2021-04-13T08:42:36","date_gmt":"2021-04-13T06:42:36","guid":{"rendered":"https:\/\/przedszkole80.edu.wroclaw.pl\/?p=2916"},"modified":"2021-04-13T09:17:18","modified_gmt":"2021-04-13T07:17:18","slug":"zolty-zonkil-symbolem-zycia","status":"publish","type":"post","link":"https:\/\/przedszkole80.edu.wroclaw.pl\/index.php\/2021\/04\/13\/zolty-zonkil-symbolem-zycia\/","title":{"rendered":"&#8222;\u017b\u00f3\u0142ty \u017conkil symbolem \u017cycia\u201d"},"content":{"rendered":"<p style=\"font-weight: 400\">Szanowni Pa\u0144stwo,<\/p>\n<p style=\"font-weight: 400\">serdecznie dzi\u0119kuj\u0119 tym, kt\u00f3rzy chc\u0105 kontynuowa\u0107 z nami wsp\u00f3\u0142prac\u0119 ju\u017c kolejny rok. Wci\u0105\u017c udowadniamy, \u017ce razem mo\u017cemy osi\u0105gn\u0105\u0107 wi\u0119cej.<\/p>\n<p style=\"font-weight: 400\">Od dzi\u015b rusza konkurs plastyczny i literacki pod has\u0142em \u201e<em><strong> \u017b\u00f3\u0142ty \u017conkil symbolem \u017cycia\u201d<\/strong><\/em>. Konkurs jest kierowany do uczni\u00f3w przedszkoli, szk\u00f3\u0142 podstawowych i ponad podstawowych. Potrwa do 4 czerwca 2021 roku.<\/p>\n<p>Szczeg\u00f3\u0142y w regulaminie w za\u0142\u0105czniku oraz na naszej stronie internetowej.<\/p>\n<p style=\"font-weight: 400\"><a href=\"https:\/\/hospicjum.wroc.pl\/pola-nadziei-20202021\" data-saferedirecturl=\"https:\/\/www.google.com\/url?q=https:\/\/hospicjum.wroc.pl\/pola-nadziei-20202021&amp;source=gmail&amp;ust=1618381552134000&amp;usg=AFQjCNHg9T1okJrisJVsjYl4kKwZNm8JXg\">https:\/\/hospicjum.wroc.pl\/pola-nadziei-20202021<\/a><\/p>\n<p style=\"font-weight: 400\">Ruszy\u0142a r\u00f3wnie\u017c wirtualna zrzutka pod linkiem:<\/p>\n<p><a href=\"https:\/\/zrzutka.pl\/umkn7d\" data-saferedirecturl=\"https:\/\/www.google.com\/url?q=https:\/\/zrzutka.pl\/umkn7d&amp;source=gmail&amp;ust=1618381552134000&amp;usg=AFQjCNHLZ5C6U-nwWOKf1iI_S-92S6Ve0g\">https:\/\/zrzutka.pl\/umkn7d<\/a><\/p>\n<p style=\"font-weight: 400\">Mo\u017cna r\u00f3wnie\u017c zapisywa\u0107 si\u0119 do wydarzenia na Facebook\u2019u:<\/p>\n<p style=\"font-weight: 400\"><a href=\"https:\/\/fb.me\/e\/73b4MH6lP\" data-saferedirecturl=\"https:\/\/www.google.com\/url?q=https:\/\/fb.me\/e\/73b4MH6lP&amp;source=gmail&amp;ust=1618381552134000&amp;usg=AFQjCNFHfwfIyssPBKS7wFYg-eVPn8ROxA\">https:\/\/fb.me\/e\/73b4MH6lP<\/a><\/p>\n<p style=\"font-weight: 400\">\n","protected":false},"excerpt":{"rendered":"<p>Szanowni Pa\u0144stwo, serdecznie dzi\u0119kuj\u0119 tym, kt\u00f3rzy chc\u0105 kontynuowa\u0107 z nami wsp\u00f3\u0142prac\u0119 ju\u017c kolejny rok. Wci\u0105\u017c udowadniamy, \u017ce razem mo\u017cemy osi\u0105gn\u0105\u0107 wi\u0119cej. Od dzi\u015b rusza konkurs plastyczny i literacki pod has\u0142em [&hellip;]<\/p>\n","protected":false},"author":71,"featured_media":2923,"comment_status":"closed","ping_status":"open","sticky":false,"template":"","format":"standard","meta":{"ngg_post_thumbnail":0,"footnotes":""},"categories":[1],"tags":[],"class_list":["post-2916","post","type-post","status-publish","format-standard","has-post-thumbnail","hentry","category-aktualnosci","clearfix"],"_links":{"self":[{"href":"https:\/\/przedszkole80.edu.wroclaw.pl\/index.php\/wp-json\/wp\/v2\/posts\/2916","targetHints":{"allow":["GET"]}}],"collection":[{"href":"https:\/\/przedszkole80.edu.wroclaw.pl\/index.php\/wp-json\/wp\/v2\/posts"}],"about":[{"href":"https:\/\/przedszkole80.edu.wroclaw.pl\/index.php\/wp-json\/wp\/v2\/types\/post"}],"author":[{"embeddable":true,"href":"https:\/\/przedszkole80.edu.wroclaw.pl\/index.php\/wp-json\/wp\/v2\/users\/71"}],"replies":[{"embeddable":true,"href":"https:\/\/przedszkole80.edu.wroclaw.pl\/index.php\/wp-json\/wp\/v2\/comments?post=2916"}],"version-history":[{"count":2,"href":"https:\/\/przedszkole80.edu.wroclaw.pl\/index.php\/wp-json\/wp\/v2\/posts\/2916\/revisions"}],"predecessor-version":[{"id":2918,"href":"https:\/\/przedszkole80.edu.wroclaw.pl\/index.php\/wp-json\/wp\/v2\/posts\/2916\/revisions\/2918"}],"wp:featuredmedia":[{"embeddable":true,"href":"https:\/\/przedszkole80.edu.wroclaw.pl\/index.php\/wp-json\/wp\/v2\/media\/2923"}],"wp:attachment":[{"href":"https:\/\/przedszkole80.edu.wroclaw.pl\/index.php\/wp-json\/wp\/v2\/media?parent=2916"}],"wp:term":[{"taxonomy":"category","embeddable":true,"href":"https:\/\/przedszkole80.edu.wroclaw.pl\/index.php\/wp-json\/wp\/v2\/categories?post=2916"},{"taxonomy":"post_tag","embeddable":true,"href":"https:\/\/przedszkole80.edu.wroclaw.pl\/index.php\/wp-json\/wp\/v2\/tags?post=2916"}],"curies":[{"name":"wp","href":"https:\/\/api.w.org\/{rel}","templated":true}]}}