
{"id":2981,"date":"2021-04-16T12:54:23","date_gmt":"2021-04-16T10:54:23","guid":{"rendered":"https:\/\/przedszkole80.edu.wroclaw.pl\/?p=2981"},"modified":"2021-04-16T12:57:52","modified_gmt":"2021-04-16T10:57:52","slug":"zapraszamy-do-szkoly-podstawowej-nr-109","status":"publish","type":"post","link":"https:\/\/przedszkole80.edu.wroclaw.pl\/index.php\/2021\/04\/16\/zapraszamy-do-szkoly-podstawowej-nr-109\/","title":{"rendered":"Zapraszamy do Szko\u0142y Podstawowej nr 109"},"content":{"rendered":"<p>Dyrekcja i Grono Pedagogiczne Szko\u0142y Podstawowej nr 109 im Edwarda Dembowskiego zwraca si\u0119 z\u00a0 ofert\u0105 edukacyjn\u0105<\/p>\n<p>SP 109<\/p>\n<p>Prosimy o zapoznanie.<\/p>\n<p><a href=\"https:\/\/przedszkole80.edu.wroclaw.pl\/wp-content\/uploads\/sites\/29\/2021\/04\/Plakat.docx\">Plakat \u00a0 \u00a0 \u00a0 \u00a0 \u00a0 \u00a0 \u00a0<\/a><\/p>\n<p><a href=\"https:\/\/przedszkole80.edu.wroclaw.pl\/wp-content\/uploads\/sites\/29\/2021\/04\/Prezentacja-109-2.pptx\">Prezentacja 109 (2)<\/a><\/p>\n<p>&nbsp;<\/p>\n","protected":false},"excerpt":{"rendered":"<p>Dyrekcja i Grono Pedagogiczne Szko\u0142y Podstawowej nr 109 im Edwarda Dembowskiego zwraca si\u0119 z\u00a0 ofert\u0105 edukacyjn\u0105 SP 109 Prosimy o zapoznanie. Plakat \u00a0 \u00a0 \u00a0 \u00a0 \u00a0 \u00a0 \u00a0 Prezentacja [&hellip;]<\/p>\n","protected":false},"author":71,"featured_media":0,"comment_status":"closed","ping_status":"open","sticky":false,"template":"","format":"standard","meta":{"ngg_post_thumbnail":0,"footnotes":""},"categories":[1],"tags":[],"class_list":["post-2981","post","type-post","status-publish","format-standard","hentry","category-aktualnosci","clearfix"],"_links":{"self":[{"href":"https:\/\/przedszkole80.edu.wroclaw.pl\/index.php\/wp-json\/wp\/v2\/posts\/2981","targetHints":{"allow":["GET"]}}],"collection":[{"href":"https:\/\/przedszkole80.edu.wroclaw.pl\/index.php\/wp-json\/wp\/v2\/posts"}],"about":[{"href":"https:\/\/przedszkole80.edu.wroclaw.pl\/index.php\/wp-json\/wp\/v2\/types\/post"}],"author":[{"embeddable":true,"href":"https:\/\/przedszkole80.edu.wroclaw.pl\/index.php\/wp-json\/wp\/v2\/users\/71"}],"replies":[{"embeddable":true,"href":"https:\/\/przedszkole80.edu.wroclaw.pl\/index.php\/wp-json\/wp\/v2\/comments?post=2981"}],"version-history":[{"count":4,"href":"https:\/\/przedszkole80.edu.wroclaw.pl\/index.php\/wp-json\/wp\/v2\/posts\/2981\/revisions"}],"predecessor-version":[{"id":2987,"href":"https:\/\/przedszkole80.edu.wroclaw.pl\/index.php\/wp-json\/wp\/v2\/posts\/2981\/revisions\/2987"}],"wp:attachment":[{"href":"https:\/\/przedszkole80.edu.wroclaw.pl\/index.php\/wp-json\/wp\/v2\/media?parent=2981"}],"wp:term":[{"taxonomy":"category","embeddable":true,"href":"https:\/\/przedszkole80.edu.wroclaw.pl\/index.php\/wp-json\/wp\/v2\/categories?post=2981"},{"taxonomy":"post_tag","embeddable":true,"href":"https:\/\/przedszkole80.edu.wroclaw.pl\/index.php\/wp-json\/wp\/v2\/tags?post=2981"}],"curies":[{"name":"wp","href":"https:\/\/api.w.org\/{rel}","templated":true}]}}