
{"id":3010,"date":"2021-04-26T12:48:50","date_gmt":"2021-04-26T10:48:50","guid":{"rendered":"https:\/\/przedszkole80.edu.wroclaw.pl\/?p=3010"},"modified":"2021-04-30T22:32:47","modified_gmt":"2021-04-30T20:32:47","slug":"swieto-ziemi","status":"publish","type":"post","link":"https:\/\/przedszkole80.edu.wroclaw.pl\/index.php\/2021\/04\/26\/swieto-ziemi\/","title":{"rendered":"\u015awi\u0119to Ziemi"},"content":{"rendered":"<p>Dzieci z naszego przedszkola nie zapomnia\u0142y o urodzinach ziemi. Dzieci z grupy pierwszej wykona\u0142y wsp\u00f3lnie\u00a0 prac\u0119 plastyczna pt.&#8217;Drzewo&#8221; ,a tak\u017ce ka\u017cdy indywidualnie przy pomocy nauczyciela zrobi\u0142 z rolki po papierze toaletowym\u00a0 miniatur\u0119 drzewka. Dzieci z grup II i III sprz\u0105ta\u0142y ogr\u00f3d przedszkolny\u00a0 oraz zasadzi\u0142y sadzonk\u0119\u00a0 d\u0119bu\u00a0 w doniczce, z pewno\u015bci\u0105\u00a0 przesadz\u0105 j\u0105 do ogrodu. Dzieci z grupy IV wykona\u0142y prace plastyczn\u0105.\u00a0 W tym dniu\u00a0 przedszkolaki dowiedzia\u0142y si\u0119, \u017ce nie nale\u017cy niszczy\u0107 przyrody, ale korzysta\u0107 z jej zasob\u00f3w\u00a0 m\u0105drze.<\/p>\n<p><img decoding=\"async\" class=\"aligncenter\" src=\"https:\/\/encrypted-tbn0.gstatic.com\/images?q=tbn:ANd9GcT1BVjnYYGNDY843SUSf-yWPJ1KMy_aE3w53Q&amp;usqp=CAU\" alt=\"Organizacja roku szkolnego\" \/><\/p>\n","protected":false},"excerpt":{"rendered":"<p>Dzieci z naszego przedszkola nie zapomnia\u0142y o urodzinach ziemi. Dzieci z grupy pierwszej wykona\u0142y wsp\u00f3lnie\u00a0 prac\u0119 plastyczna pt.&#8217;Drzewo&#8221; ,a tak\u017ce ka\u017cdy indywidualnie przy pomocy nauczyciela zrobi\u0142 z rolki po papierze [&hellip;]<\/p>\n","protected":false},"author":71,"featured_media":3018,"comment_status":"closed","ping_status":"open","sticky":false,"template":"","format":"standard","meta":{"ngg_post_thumbnail":0,"footnotes":""},"categories":[1],"tags":[],"class_list":["post-3010","post","type-post","status-publish","format-standard","has-post-thumbnail","hentry","category-aktualnosci","clearfix"],"_links":{"self":[{"href":"https:\/\/przedszkole80.edu.wroclaw.pl\/index.php\/wp-json\/wp\/v2\/posts\/3010","targetHints":{"allow":["GET"]}}],"collection":[{"href":"https:\/\/przedszkole80.edu.wroclaw.pl\/index.php\/wp-json\/wp\/v2\/posts"}],"about":[{"href":"https:\/\/przedszkole80.edu.wroclaw.pl\/index.php\/wp-json\/wp\/v2\/types\/post"}],"author":[{"embeddable":true,"href":"https:\/\/przedszkole80.edu.wroclaw.pl\/index.php\/wp-json\/wp\/v2\/users\/71"}],"replies":[{"embeddable":true,"href":"https:\/\/przedszkole80.edu.wroclaw.pl\/index.php\/wp-json\/wp\/v2\/comments?post=3010"}],"version-history":[{"count":3,"href":"https:\/\/przedszkole80.edu.wroclaw.pl\/index.php\/wp-json\/wp\/v2\/posts\/3010\/revisions"}],"predecessor-version":[{"id":3020,"href":"https:\/\/przedszkole80.edu.wroclaw.pl\/index.php\/wp-json\/wp\/v2\/posts\/3010\/revisions\/3020"}],"wp:featuredmedia":[{"embeddable":true,"href":"https:\/\/przedszkole80.edu.wroclaw.pl\/index.php\/wp-json\/wp\/v2\/media\/3018"}],"wp:attachment":[{"href":"https:\/\/przedszkole80.edu.wroclaw.pl\/index.php\/wp-json\/wp\/v2\/media?parent=3010"}],"wp:term":[{"taxonomy":"category","embeddable":true,"href":"https:\/\/przedszkole80.edu.wroclaw.pl\/index.php\/wp-json\/wp\/v2\/categories?post=3010"},{"taxonomy":"post_tag","embeddable":true,"href":"https:\/\/przedszkole80.edu.wroclaw.pl\/index.php\/wp-json\/wp\/v2\/tags?post=3010"}],"curies":[{"name":"wp","href":"https:\/\/api.w.org\/{rel}","templated":true}]}}