
{"id":3012,"date":"2021-04-30T22:17:44","date_gmt":"2021-04-30T20:17:44","guid":{"rendered":"https:\/\/przedszkole80.edu.wroclaw.pl\/?p=3012"},"modified":"2021-05-04T12:17:40","modified_gmt":"2021-05-04T10:17:40","slug":"swieto-flagi","status":"publish","type":"post","link":"https:\/\/przedszkole80.edu.wroclaw.pl\/index.php\/2021\/04\/30\/swieto-flagi\/","title":{"rendered":"\u015awi\u0119to flagi"},"content":{"rendered":"<p>&nbsp;<\/p>\n<p>W dniu dzisiejszym\/30.04.2021r. \/wszystkie przedszkolaki kolorowa\u0142y i wycina\u0142y symbole narodowe.<\/p>\n<p>Pami\u0119tamy,\u017ce 2 maja jest \u015awi\u0119to flagi.<\/p>\n<p>Posadzone w przedszkolnym ogrodzie\u00a0 \u00a0przez dzieci\u00a0 i nauczycieli cebulki bia\u0142oczerwonych tulipan\u00f3w\u00a0 rozkwitaj\u0105\u00a0 jeszcze powoli i nie\u015bmia\u0142o. Ciesz\u0105\u00a0 \u00a0jednak niezmiernie, przykuwaj\u0105 uwag\u0119-\u00a0 ma\u0142ych\u00a0 i du\u017cych.<\/p>\n<p style=\"text-align: center\">Przypominaj\u0105 o tym co polskie, o tym co nasze.<\/p>\n<p><img loading=\"lazy\" decoding=\"async\" class=\" wp-image-3025 aligncenter\" src=\"https:\/\/przedszkole80.edu.wroclaw.pl\/wp-content\/uploads\/sites\/29\/2021\/04\/SAVE_20210504_120158-300x169.jpg\" alt=\"\" width=\"366\" height=\"206\" srcset=\"https:\/\/przedszkole80.edu.wroclaw.pl\/wp-content\/uploads\/sites\/29\/2021\/04\/SAVE_20210504_120158-300x169.jpg 300w, https:\/\/przedszkole80.edu.wroclaw.pl\/wp-content\/uploads\/sites\/29\/2021\/04\/SAVE_20210504_120158-1024x578.jpg 1024w, https:\/\/przedszkole80.edu.wroclaw.pl\/wp-content\/uploads\/sites\/29\/2021\/04\/SAVE_20210504_120158-768x433.jpg 768w, https:\/\/przedszkole80.edu.wroclaw.pl\/wp-content\/uploads\/sites\/29\/2021\/04\/SAVE_20210504_120158-600x339.jpg 600w, https:\/\/przedszkole80.edu.wroclaw.pl\/wp-content\/uploads\/sites\/29\/2021\/04\/SAVE_20210504_120158-1536x867.jpg 1536w, https:\/\/przedszkole80.edu.wroclaw.pl\/wp-content\/uploads\/sites\/29\/2021\/04\/SAVE_20210504_120158.jpg 1600w\" sizes=\"auto, (max-width: 366px) 100vw, 366px\" \/><\/p>\n","protected":false},"excerpt":{"rendered":"<p>&nbsp; W dniu dzisiejszym\/30.04.2021r. \/wszystkie przedszkolaki kolorowa\u0142y i wycina\u0142y symbole narodowe. Pami\u0119tamy,\u017ce 2 maja jest \u015awi\u0119to flagi. Posadzone w przedszkolnym ogrodzie\u00a0 \u00a0przez dzieci\u00a0 i nauczycieli cebulki bia\u0142oczerwonych tulipan\u00f3w\u00a0 rozkwitaj\u0105\u00a0 jeszcze [&hellip;]<\/p>\n","protected":false},"author":71,"featured_media":835,"comment_status":"closed","ping_status":"open","sticky":false,"template":"","format":"standard","meta":{"ngg_post_thumbnail":0,"footnotes":""},"categories":[1],"tags":[],"class_list":["post-3012","post","type-post","status-publish","format-standard","has-post-thumbnail","hentry","category-aktualnosci","clearfix"],"_links":{"self":[{"href":"https:\/\/przedszkole80.edu.wroclaw.pl\/index.php\/wp-json\/wp\/v2\/posts\/3012","targetHints":{"allow":["GET"]}}],"collection":[{"href":"https:\/\/przedszkole80.edu.wroclaw.pl\/index.php\/wp-json\/wp\/v2\/posts"}],"about":[{"href":"https:\/\/przedszkole80.edu.wroclaw.pl\/index.php\/wp-json\/wp\/v2\/types\/post"}],"author":[{"embeddable":true,"href":"https:\/\/przedszkole80.edu.wroclaw.pl\/index.php\/wp-json\/wp\/v2\/users\/71"}],"replies":[{"embeddable":true,"href":"https:\/\/przedszkole80.edu.wroclaw.pl\/index.php\/wp-json\/wp\/v2\/comments?post=3012"}],"version-history":[{"count":4,"href":"https:\/\/przedszkole80.edu.wroclaw.pl\/index.php\/wp-json\/wp\/v2\/posts\/3012\/revisions"}],"predecessor-version":[{"id":3026,"href":"https:\/\/przedszkole80.edu.wroclaw.pl\/index.php\/wp-json\/wp\/v2\/posts\/3012\/revisions\/3026"}],"wp:featuredmedia":[{"embeddable":true,"href":"https:\/\/przedszkole80.edu.wroclaw.pl\/index.php\/wp-json\/wp\/v2\/media\/835"}],"wp:attachment":[{"href":"https:\/\/przedszkole80.edu.wroclaw.pl\/index.php\/wp-json\/wp\/v2\/media?parent=3012"}],"wp:term":[{"taxonomy":"category","embeddable":true,"href":"https:\/\/przedszkole80.edu.wroclaw.pl\/index.php\/wp-json\/wp\/v2\/categories?post=3012"},{"taxonomy":"post_tag","embeddable":true,"href":"https:\/\/przedszkole80.edu.wroclaw.pl\/index.php\/wp-json\/wp\/v2\/tags?post=3012"}],"curies":[{"name":"wp","href":"https:\/\/api.w.org\/{rel}","templated":true}]}}