
{"id":3042,"date":"2021-05-07T13:22:37","date_gmt":"2021-05-07T11:22:37","guid":{"rendered":"https:\/\/przedszkole80.edu.wroclaw.pl\/?p=3042"},"modified":"2021-05-07T13:23:20","modified_gmt":"2021-05-07T11:23:20","slug":"wazne-informacje-dla-rodzicow","status":"publish","type":"post","link":"https:\/\/przedszkole80.edu.wroclaw.pl\/index.php\/2021\/05\/07\/wazne-informacje-dla-rodzicow\/","title":{"rendered":"Wa\u017cna informacja dla Rodzic\u00f3w"},"content":{"rendered":"<p style=\"text-align: center\">Drodzy Rodzice!!!<\/p>\n<p>Zbli\u017ca si\u0119 czas letniego wypoczynku. Wakacje to czas regeneracji. Chcieliby\u015bmy Pa\u0144stwa poinformowa\u0107, \u017ce <strong><u>w sierpniu przedszkole jest zamkni\u0119te<\/u><\/strong>, natomiast<br \/>\nw lipcu pe\u0142ni dy\u017cur <strong><u>dla dzieci rodzic\u00f3w, z naszego przedszkola kt\u00f3rzy nie mog\u0105 zapewni\u0107 swoim pociechom innej formy opieki i s\u0105 aktywni zawodowo w tym okresie<\/u><\/strong>. Ze wzgl\u0119du na czas urlop\u00f3w kadry pracujemy w niepe\u0142nym sk\u0142adzie.<\/p>\n<p>Prosimy Pa\u0144stwa sk\u0142adanie stosownych deklaracji na pobyt dziecka\u00a0 w miesi\u0105cu lipcu do Dyrektora Przedszkola w nieprzekraczalnym terminie do <strong><u>15 maja<\/u>.\u00a0<\/strong><\/p>\n<p><a href=\"https:\/\/przedszkole80.edu.wroclaw.pl\/wp-content\/uploads\/sites\/29\/2021\/05\/deklaracja-korzystania-z-przedszkola-w-wakacje-2021.docx\">deklaracja korzystania z przedszkola w wakacje 2021<\/a><\/p>\n<p>Je\u015bli kto\u015b z Pa\u0144stwa potrzebuje opieki wakacyjnej w sierpniu prosz\u0119 z\u0142o\u017cy\u0107 <strong><u>podanie wraz z uzasadnieniem <\/u><\/strong>do Dyrektora Przedszkola nr 80 &#8211; <strong><u>do 31 maja!!!<\/u><\/strong><\/p>\n<p><strong><u>W szczeg\u00f3lnie uzasadnionych przypadkach,<\/u><\/strong> do 15 czerwca zostanie Pa\u0144stwu wskazane przedszkole w obr\u0119bie rejonu lub miasta, kt\u00f3re w tym okresie przyjmie Pa\u0144stwa dziecko.<\/p>\n","protected":false},"excerpt":{"rendered":"<p>Drodzy Rodzice!!! Zbli\u017ca si\u0119 czas letniego wypoczynku. Wakacje to czas regeneracji. Chcieliby\u015bmy Pa\u0144stwa poinformowa\u0107, \u017ce w sierpniu przedszkole jest zamkni\u0119te, natomiast w lipcu pe\u0142ni dy\u017cur dla dzieci rodzic\u00f3w, z naszego [&hellip;]<\/p>\n","protected":false},"author":71,"featured_media":2811,"comment_status":"closed","ping_status":"open","sticky":false,"template":"","format":"standard","meta":{"ngg_post_thumbnail":0,"footnotes":""},"categories":[1],"tags":[],"class_list":["post-3042","post","type-post","status-publish","format-standard","has-post-thumbnail","hentry","category-aktualnosci","clearfix"],"_links":{"self":[{"href":"https:\/\/przedszkole80.edu.wroclaw.pl\/index.php\/wp-json\/wp\/v2\/posts\/3042","targetHints":{"allow":["GET"]}}],"collection":[{"href":"https:\/\/przedszkole80.edu.wroclaw.pl\/index.php\/wp-json\/wp\/v2\/posts"}],"about":[{"href":"https:\/\/przedszkole80.edu.wroclaw.pl\/index.php\/wp-json\/wp\/v2\/types\/post"}],"author":[{"embeddable":true,"href":"https:\/\/przedszkole80.edu.wroclaw.pl\/index.php\/wp-json\/wp\/v2\/users\/71"}],"replies":[{"embeddable":true,"href":"https:\/\/przedszkole80.edu.wroclaw.pl\/index.php\/wp-json\/wp\/v2\/comments?post=3042"}],"version-history":[{"count":3,"href":"https:\/\/przedszkole80.edu.wroclaw.pl\/index.php\/wp-json\/wp\/v2\/posts\/3042\/revisions"}],"predecessor-version":[{"id":3046,"href":"https:\/\/przedszkole80.edu.wroclaw.pl\/index.php\/wp-json\/wp\/v2\/posts\/3042\/revisions\/3046"}],"wp:featuredmedia":[{"embeddable":true,"href":"https:\/\/przedszkole80.edu.wroclaw.pl\/index.php\/wp-json\/wp\/v2\/media\/2811"}],"wp:attachment":[{"href":"https:\/\/przedszkole80.edu.wroclaw.pl\/index.php\/wp-json\/wp\/v2\/media?parent=3042"}],"wp:term":[{"taxonomy":"category","embeddable":true,"href":"https:\/\/przedszkole80.edu.wroclaw.pl\/index.php\/wp-json\/wp\/v2\/categories?post=3042"},{"taxonomy":"post_tag","embeddable":true,"href":"https:\/\/przedszkole80.edu.wroclaw.pl\/index.php\/wp-json\/wp\/v2\/tags?post=3042"}],"curies":[{"name":"wp","href":"https:\/\/api.w.org\/{rel}","templated":true}]}}