
{"id":3097,"date":"2021-05-24T11:42:57","date_gmt":"2021-05-24T09:42:57","guid":{"rendered":"https:\/\/przedszkole80.edu.wroclaw.pl\/?p=3097"},"modified":"2021-05-24T11:45:16","modified_gmt":"2021-05-24T09:45:16","slug":"3097","status":"publish","type":"post","link":"https:\/\/przedszkole80.edu.wroclaw.pl\/index.php\/2021\/05\/24\/3097\/","title":{"rendered":"\u015awi\u0119to wszystkich Mam"},"content":{"rendered":"<p><img loading=\"lazy\" decoding=\"async\" class=\"alignnone size-medium wp-image-3098 aligncenter\" src=\"https:\/\/przedszkole80.edu.wroclaw.pl\/wp-content\/uploads\/sites\/29\/2021\/05\/images-300x111.jpg\" alt=\"\" width=\"300\" height=\"111\" srcset=\"https:\/\/przedszkole80.edu.wroclaw.pl\/wp-content\/uploads\/sites\/29\/2021\/05\/images-300x111.jpg 300w, https:\/\/przedszkole80.edu.wroclaw.pl\/wp-content\/uploads\/sites\/29\/2021\/05\/images.jpg 369w\" sizes=\"auto, (max-width: 300px) 100vw, 300px\" \/><\/p>\n<p><strong>MOJA MAMA<\/strong><br \/>\nMoja mama jest jak wiosna,<br \/>\ntaka pi\u0119kna i radosna.<br \/>\nKocha mnie ja o tym wiem<br \/>\ni ja mamo kocham Ci\u0119.<\/p>\n<p>Dam Ci gwiazdy, s\u0142o\u0144ce, niebo,<br \/>\ndam Ci kwiat\u00f3w bukiet wielki.<br \/>\nPotem u\u015bmiech, wielki ca\u0142us,<br \/>\nnawet oddam Ci cukierki.<\/p>\n<p>Moja mama jest szcz\u0119\u015bliwa,<br \/>\nkiedy jestem taki grzeczny.<br \/>\nWtedy palcem nie kiwa,<br \/>\nnawet palcem tym serdecznym.<\/p>\n<p>Dzi\u015b Dzie\u0144 Matki, wi\u0119c dla Ciebie,<br \/>\nzrobi\u0119 wszystko o czym marzysz.<br \/>\nTylko troszk\u0119 mi pomo\u017cesz,<br \/>\nprzecie\u017c jestem jeszcze ma\u0142y.<\/p>\n<p>Dzi\u015b posprz\u0105tam pok\u00f3j ca\u0142y,<br \/>\nby widzia\u0142a mama moja,<br \/>\nZe cho\u0107 jestem wodzem Indian,<br \/>\nsprz\u0105tam jak przysta\u0142o na kowboja.<\/p>\n<p style=\"text-align: center\"><em>Wszystkim Mamo \u017cyczymy du\u017co zdrowia, wielu rado\u015bci\u00a0 i samych s\u0142onecznych dni.<\/em><\/p>\n","protected":false},"excerpt":{"rendered":"<p>MOJA MAMA Moja mama jest jak wiosna, taka pi\u0119kna i radosna. Kocha mnie ja o tym wiem i ja mamo kocham Ci\u0119. Dam Ci gwiazdy, s\u0142o\u0144ce, niebo, dam Ci kwiat\u00f3w [&hellip;]<\/p>\n","protected":false},"author":71,"featured_media":2041,"comment_status":"closed","ping_status":"open","sticky":false,"template":"","format":"standard","meta":{"ngg_post_thumbnail":0,"footnotes":""},"categories":[1],"tags":[],"class_list":["post-3097","post","type-post","status-publish","format-standard","has-post-thumbnail","hentry","category-aktualnosci","clearfix"],"_links":{"self":[{"href":"https:\/\/przedszkole80.edu.wroclaw.pl\/index.php\/wp-json\/wp\/v2\/posts\/3097","targetHints":{"allow":["GET"]}}],"collection":[{"href":"https:\/\/przedszkole80.edu.wroclaw.pl\/index.php\/wp-json\/wp\/v2\/posts"}],"about":[{"href":"https:\/\/przedszkole80.edu.wroclaw.pl\/index.php\/wp-json\/wp\/v2\/types\/post"}],"author":[{"embeddable":true,"href":"https:\/\/przedszkole80.edu.wroclaw.pl\/index.php\/wp-json\/wp\/v2\/users\/71"}],"replies":[{"embeddable":true,"href":"https:\/\/przedszkole80.edu.wroclaw.pl\/index.php\/wp-json\/wp\/v2\/comments?post=3097"}],"version-history":[{"count":2,"href":"https:\/\/przedszkole80.edu.wroclaw.pl\/index.php\/wp-json\/wp\/v2\/posts\/3097\/revisions"}],"predecessor-version":[{"id":3101,"href":"https:\/\/przedszkole80.edu.wroclaw.pl\/index.php\/wp-json\/wp\/v2\/posts\/3097\/revisions\/3101"}],"wp:featuredmedia":[{"embeddable":true,"href":"https:\/\/przedszkole80.edu.wroclaw.pl\/index.php\/wp-json\/wp\/v2\/media\/2041"}],"wp:attachment":[{"href":"https:\/\/przedszkole80.edu.wroclaw.pl\/index.php\/wp-json\/wp\/v2\/media?parent=3097"}],"wp:term":[{"taxonomy":"category","embeddable":true,"href":"https:\/\/przedszkole80.edu.wroclaw.pl\/index.php\/wp-json\/wp\/v2\/categories?post=3097"},{"taxonomy":"post_tag","embeddable":true,"href":"https:\/\/przedszkole80.edu.wroclaw.pl\/index.php\/wp-json\/wp\/v2\/tags?post=3097"}],"curies":[{"name":"wp","href":"https:\/\/api.w.org\/{rel}","templated":true}]}}