
{"id":3116,"date":"2021-05-26T13:50:11","date_gmt":"2021-05-26T11:50:11","guid":{"rendered":"https:\/\/przedszkole80.edu.wroclaw.pl\/?p=3116"},"modified":"2021-05-26T13:51:56","modified_gmt":"2021-05-26T11:51:56","slug":"dzien-dziecka-3","status":"publish","type":"post","link":"https:\/\/przedszkole80.edu.wroclaw.pl\/index.php\/2021\/05\/26\/dzien-dziecka-3\/","title":{"rendered":"DZIE\u0143 DZIECKA"},"content":{"rendered":"<p>&nbsp;<\/p>\n<p>Zapraszamy wszystkie nasze przedszkolaki\u00a0 <strong><u>1 czerwca 2021<\/u><\/strong><u>r.<\/u>\u00a0 \u00a0od godziny <strong>9.30<\/strong><\/p>\n<p>do\u00a0 ogrodu\u00a0 przedszkolnego<\/p>\n<p>na\u00a0 zabawy\u00a0\u00a0 i zaj\u0119cia okazji\u00a0 z <strong>Dnia Dziecka<\/strong>.<\/p>\n<p>*od\u00a0 <strong><u>9.30- 12.00<\/u><\/strong> \u00a0animatorzy\u00a0 \u00a0prowadz\u0105 zabawy sportowe i\u00a0 plastyczne przy muzyce;<\/p>\n<p>*od <strong><u>12.30-14.30<\/u><\/strong> \u00a0warsztaty edukacyjne pt. \u201e<strong>Zabawy z wroc\u0142awskimi\u00a0 krasnalami czyli historia Wroc\u0142awia na weso\u0142o\u201d<\/strong> <strong>dla dzieci z \u00a0grup: II, III i IV i \u00a0P &#8211; 141\/<\/strong><strong>dla ka\u017cdej z grup osobno<\/strong><\/p>\n<p>&nbsp;<\/p>\n<p><strong>Zaproponowane formy zaj\u0119\u0107\u00a0 s\u0105 odp\u0142atne, przewidywany koszt na jedno dziecko:<\/strong><\/p>\n<p><strong>Dla grupy I-5 z\u0142<\/strong><\/p>\n<p><strong>Dla dzieci z grup: II, III, IV\u00a0 i P-141 -15z\u0142<\/strong><\/p>\n<p><strong>Pieni\u0105dze prosimy wp\u0142aca\u0107 na konta grupowe do\u00a0 01.06.2021r.<\/strong><\/p>\n<p><strong>11.06.2021r<\/strong>. &#8211; <strong>o godzinie 9.00 odb\u0119dzie<\/strong> <strong>si\u0119<\/strong> \u00a0\u00a0<strong>sesja zdj\u0119ciowa\u00a0indywidualna i grupowa\u00a0 dla dzieci z wszystkich grup.<\/strong><\/p>\n<p><strong>Koszt \u00a01 kompletu zdj\u0119\u0107 wynosi 40z\u0142. Zakup zdj\u0119\u0107 nie jest obowi\u0105zkowy.<\/strong><\/p>\n<p><strong>17.06.2021r.<\/strong><strong>\u00a0 <\/strong><strong>o godzinach od 10.00 \u00a0do 12.30 zapraszamy dzieci na spotkanie z alpakami. Zaj\u0119cia trwaj\u0105 ok. 30min.dla ka\u017cdej grup osobno. Zaj\u0119cia s\u0105 bezp\u0142atne.<\/strong><\/p>\n<p>&nbsp;<\/p>\n<p><img loading=\"lazy\" decoding=\"async\" class=\"alignnone size-full wp-image-3117\" src=\"https:\/\/przedszkole80.edu.wroclaw.pl\/wp-content\/uploads\/sites\/29\/2021\/05\/images.png\" alt=\"\" width=\"174\" height=\"290\" \/>\u00a0 <img loading=\"lazy\" decoding=\"async\" class=\"alignnone size-full wp-image-3117\" src=\"https:\/\/przedszkole80.edu.wroclaw.pl\/wp-content\/uploads\/sites\/29\/2021\/05\/images.png\" alt=\"\" width=\"174\" height=\"290\" \/><img loading=\"lazy\" decoding=\"async\" class=\"alignnone size-full wp-image-3117\" src=\"https:\/\/przedszkole80.edu.wroclaw.pl\/wp-content\/uploads\/sites\/29\/2021\/05\/images.png\" alt=\"\" width=\"174\" height=\"290\" \/><\/p>\n","protected":false},"excerpt":{"rendered":"<p>&nbsp; Zapraszamy wszystkie nasze przedszkolaki\u00a0 1 czerwca 2021r.\u00a0 \u00a0od godziny 9.30 do\u00a0 ogrodu\u00a0 przedszkolnego na\u00a0 zabawy\u00a0\u00a0 i zaj\u0119cia okazji\u00a0 z Dnia Dziecka. *od\u00a0 9.30- 12.00 \u00a0animatorzy\u00a0 \u00a0prowadz\u0105 zabawy sportowe i\u00a0 [&hellip;]<\/p>\n","protected":false},"author":71,"featured_media":708,"comment_status":"closed","ping_status":"open","sticky":false,"template":"","format":"standard","meta":{"ngg_post_thumbnail":0,"footnotes":""},"categories":[1],"tags":[],"class_list":["post-3116","post","type-post","status-publish","format-standard","has-post-thumbnail","hentry","category-aktualnosci","clearfix"],"_links":{"self":[{"href":"https:\/\/przedszkole80.edu.wroclaw.pl\/index.php\/wp-json\/wp\/v2\/posts\/3116","targetHints":{"allow":["GET"]}}],"collection":[{"href":"https:\/\/przedszkole80.edu.wroclaw.pl\/index.php\/wp-json\/wp\/v2\/posts"}],"about":[{"href":"https:\/\/przedszkole80.edu.wroclaw.pl\/index.php\/wp-json\/wp\/v2\/types\/post"}],"author":[{"embeddable":true,"href":"https:\/\/przedszkole80.edu.wroclaw.pl\/index.php\/wp-json\/wp\/v2\/users\/71"}],"replies":[{"embeddable":true,"href":"https:\/\/przedszkole80.edu.wroclaw.pl\/index.php\/wp-json\/wp\/v2\/comments?post=3116"}],"version-history":[{"count":1,"href":"https:\/\/przedszkole80.edu.wroclaw.pl\/index.php\/wp-json\/wp\/v2\/posts\/3116\/revisions"}],"predecessor-version":[{"id":3118,"href":"https:\/\/przedszkole80.edu.wroclaw.pl\/index.php\/wp-json\/wp\/v2\/posts\/3116\/revisions\/3118"}],"wp:featuredmedia":[{"embeddable":true,"href":"https:\/\/przedszkole80.edu.wroclaw.pl\/index.php\/wp-json\/wp\/v2\/media\/708"}],"wp:attachment":[{"href":"https:\/\/przedszkole80.edu.wroclaw.pl\/index.php\/wp-json\/wp\/v2\/media?parent=3116"}],"wp:term":[{"taxonomy":"category","embeddable":true,"href":"https:\/\/przedszkole80.edu.wroclaw.pl\/index.php\/wp-json\/wp\/v2\/categories?post=3116"},{"taxonomy":"post_tag","embeddable":true,"href":"https:\/\/przedszkole80.edu.wroclaw.pl\/index.php\/wp-json\/wp\/v2\/tags?post=3116"}],"curies":[{"name":"wp","href":"https:\/\/api.w.org\/{rel}","templated":true}]}}